{"id":122,"date":"2016-03-16T20:21:19","date_gmt":"2016-03-16T19:21:19","guid":{"rendered":"http:\/\/rydultowy.sl.zhp.pl\/?p=122"},"modified":"2016-03-16T20:21:19","modified_gmt":"2016-03-16T19:21:19","slug":"zamachy-w-paryzu","status":"publish","type":"post","link":"https:\/\/rydultowy.zhp.pl\/index.php\/2016\/03\/16\/zamachy-w-paryzu\/","title":{"rendered":"Zamachy w Pary\u017cu"},"content":{"rendered":"<p style=\"text-align: justify;\">20 listopada 2015r o godzinie 17: 00 na cmentarzu przy ko\u015bciele pw. \u015bw. Jerzego w Rydu\u0142towach mia\u0142a miejsce akcja solidaryzowania si\u0119 z ofiarami ostatnich zamach\u00f3w terrorystycznych, zorganizowana przez pion w\u0119drowniczy naszego hufca. Mimo niedopisuj\u0105cej pogody i p\u00f3\u017anej godziny, wiele os\u00f3b, przychodz\u0105c, aby wzi\u0105\u0107 udzia\u0142 w wydarzeniu, pokaza\u0142o sw\u0105 postaw\u0105, \u017ce nie jest oboj\u0119tna na to, co dzieje si\u0119 w otaczaj\u0105cym nas \u015bwiecie. Stoj\u0105c w kr\u0119gu z zapalonymi zniczami na twarzach przyby\u0142ych da\u0142o si\u0119 dostrzec smutek i przej\u0119cie zaistnia\u0142ymi w Pary\u017cu wydarzeniami. Modl\u0105c si\u0119 w ciszy z\u0142o\u017cyli\u015bmy znicze pod skrzy\u017cowane flagi Polski i Francji, daj\u0105c tym wyraz wsp\u00f3\u0142czucia i \u017calu. Nie jeste\u015bmy winni tego, jaki \u015bwiat otrzymali\u015bmy, lecz w naszych r\u0119kach jest to, jaki \u015bwiat przeka\u017cemy naszym potomnym. Swoj\u0105 prac\u0105 sprawmy, by by\u0142 lepszy.<\/p>\n<p style=\"text-align: center;\"><strong>pwd. Adam Miera<\/strong><\/p>\n","protected":false},"excerpt":{"rendered":"<p>20 listopada 2015r o godzinie 17: 00 na cmentarzu przy ko\u015bciele pw. \u015bw. Jerzego w Rydu\u0142towach mia\u0142a miejsce akcja solidaryzowania<\/p>\n","protected":false},"author":14,"featured_media":123,"comment_status":"open","ping_status":"open","sticky":false,"template":"","format":"standard","meta":{"footnotes":""},"categories":[1],"tags":[],"class_list":["post-122","post","type-post","status-publish","format-standard","has-post-thumbnail","hentry","category-bez-kategorii"],"_links":{"self":[{"href":"https:\/\/rydultowy.zhp.pl\/index.php\/wp-json\/wp\/v2\/posts\/122","targetHints":{"allow":["GET"]}}],"collection":[{"href":"https:\/\/rydultowy.zhp.pl\/index.php\/wp-json\/wp\/v2\/posts"}],"about":[{"href":"https:\/\/rydultowy.zhp.pl\/index.php\/wp-json\/wp\/v2\/types\/post"}],"author":[{"embeddable":true,"href":"https:\/\/rydultowy.zhp.pl\/index.php\/wp-json\/wp\/v2\/users\/14"}],"replies":[{"embeddable":true,"href":"https:\/\/rydultowy.zhp.pl\/index.php\/wp-json\/wp\/v2\/comments?post=122"}],"version-history":[{"count":1,"href":"https:\/\/rydultowy.zhp.pl\/index.php\/wp-json\/wp\/v2\/posts\/122\/revisions"}],"predecessor-version":[{"id":124,"href":"https:\/\/rydultowy.zhp.pl\/index.php\/wp-json\/wp\/v2\/posts\/122\/revisions\/124"}],"wp:featuredmedia":[{"embeddable":true,"href":"https:\/\/rydultowy.zhp.pl\/index.php\/wp-json\/wp\/v2\/media\/123"}],"wp:attachment":[{"href":"https:\/\/rydultowy.zhp.pl\/index.php\/wp-json\/wp\/v2\/media?parent=122"}],"wp:term":[{"taxonomy":"category","embeddable":true,"href":"https:\/\/rydultowy.zhp.pl\/index.php\/wp-json\/wp\/v2\/categories?post=122"},{"taxonomy":"post_tag","embeddable":true,"href":"https:\/\/rydultowy.zhp.pl\/index.php\/wp-json\/wp\/v2\/tags?post=122"}],"curies":[{"name":"wp","href":"https:\/\/api.w.org\/{rel}","templated":true}]}}