{"id":1024,"date":"2017-11-06T22:00:48","date_gmt":"2017-11-06T21:00:48","guid":{"rendered":"http:\/\/rydultowy.sl.zhp.pl\/?p=1024"},"modified":"2017-11-06T22:00:48","modified_gmt":"2017-11-06T21:00:48","slug":"1-listopada","status":"publish","type":"post","link":"https:\/\/rydultowy.zhp.pl\/index.php\/2017\/11\/06\/1-listopada\/","title":{"rendered":"1. LISTOPADA"},"content":{"rendered":"<p>1. listopada harcerze naszego hufca trzymali warty przy Grobie Powsta\u0144c\u00f3w na rydu\u0142towskim Cmentarzu. Dzi\u0119ki uprzejmo\u015bci Ksi\u0119dza Proboszcza Parafii pw. \u015aw. Jerzego mogli\u015bmy skorzysta\u0107 z Domku Maryji. Dzi\u0119kujemy r\u00f3wnie\u017c wszystkim dru\u017cynom i uczestnikom wart. Pami\u0119tajmy o tych, kt\u00f3rzy odeszli od nas na wieczn\u0105 wart\u0119!<\/p>\n<p>Zapraszamy do obejrzenia fotorelacji:<\/p>\n<div id=\"fb-root\"><\/div>\n<p><script>(function(d, s, id) {  var js, fjs = d.getElementsByTagName(s)[0];  if (d.getElementById(id)) return;  js = d.createElement(s); js.id = id;  js.src = 'https:\/\/connect.facebook.net\/pl_PL\/sdk.js#xfbml=1&version=v2.10';  fjs.parentNode.insertBefore(js, fjs);}(document, 'script', 'facebook-jssdk'));<\/script><\/p>\n<div class=\"fb-post\" data-href=\"https:\/\/www.facebook.com\/media\/set\/?set=a.1604375946279491.1073741869.169300786453688&amp;type=1&amp;l=8a20a4affe\" data-width=\"750\">\n<blockquote cite=\"https:\/\/www.facebook.com\/media\/set\/?set=a.1604375946279491.1073741869.169300786453688&amp;type=3\" class=\"fb-xfbml-parse-ignore\">\n<p>Kr&#xf3;tka retrospekcja foto z tegorocznych wart. Harcerze naszego hufca trzymali warty przy Grobie Powsta&#x144;c&#xf3;w na rydu&#x142;&#8230;<\/p>\n<p>Opublikowany przez <a href=\"https:\/\/www.facebook.com\/ZHP-Hufiec-Rydu&#x142;towy-169300786453688\/\">ZHP Hufiec Rydu\u0142towy<\/a> na&nbsp;<a href=\"https:\/\/www.facebook.com\/media\/set\/?set=a.1604375946279491.1073741869.169300786453688&amp;type=3\">6 listopada 2017<\/a><\/p><\/blockquote>\n<\/div>\n","protected":false},"excerpt":{"rendered":"<p>1. listopada harcerze naszego hufca trzymali warty przy Grobie Powsta\u0144c\u00f3w na rydu\u0142towskim Cmentarzu. Dzi\u0119ki uprzejmo\u015bci Ksi\u0119dza Proboszcza Parafii pw. \u015aw.<\/p>\n","protected":false},"author":14,"featured_media":1025,"comment_status":"open","ping_status":"open","sticky":false,"template":"","format":"standard","meta":{"footnotes":""},"categories":[1],"tags":[],"class_list":["post-1024","post","type-post","status-publish","format-standard","has-post-thumbnail","hentry","category-bez-kategorii"],"_links":{"self":[{"href":"https:\/\/rydultowy.zhp.pl\/index.php\/wp-json\/wp\/v2\/posts\/1024","targetHints":{"allow":["GET"]}}],"collection":[{"href":"https:\/\/rydultowy.zhp.pl\/index.php\/wp-json\/wp\/v2\/posts"}],"about":[{"href":"https:\/\/rydultowy.zhp.pl\/index.php\/wp-json\/wp\/v2\/types\/post"}],"author":[{"embeddable":true,"href":"https:\/\/rydultowy.zhp.pl\/index.php\/wp-json\/wp\/v2\/users\/14"}],"replies":[{"embeddable":true,"href":"https:\/\/rydultowy.zhp.pl\/index.php\/wp-json\/wp\/v2\/comments?post=1024"}],"version-history":[{"count":1,"href":"https:\/\/rydultowy.zhp.pl\/index.php\/wp-json\/wp\/v2\/posts\/1024\/revisions"}],"predecessor-version":[{"id":1026,"href":"https:\/\/rydultowy.zhp.pl\/index.php\/wp-json\/wp\/v2\/posts\/1024\/revisions\/1026"}],"wp:featuredmedia":[{"embeddable":true,"href":"https:\/\/rydultowy.zhp.pl\/index.php\/wp-json\/wp\/v2\/media\/1025"}],"wp:attachment":[{"href":"https:\/\/rydultowy.zhp.pl\/index.php\/wp-json\/wp\/v2\/media?parent=1024"}],"wp:term":[{"taxonomy":"category","embeddable":true,"href":"https:\/\/rydultowy.zhp.pl\/index.php\/wp-json\/wp\/v2\/categories?post=1024"},{"taxonomy":"post_tag","embeddable":true,"href":"https:\/\/rydultowy.zhp.pl\/index.php\/wp-json\/wp\/v2\/tags?post=1024"}],"curies":[{"name":"wp","href":"https:\/\/api.w.org\/{rel}","templated":true}]}}