{"id":1,"date":"2016-03-16T19:17:07","date_gmt":"2016-03-16T18:17:07","guid":{"rendered":"http:\/\/rydultowy.sl.zhp.pl\/?p=1"},"modified":"2016-03-16T20:19:12","modified_gmt":"2016-03-16T19:19:12","slug":"witaj-swiecie","status":"publish","type":"post","link":"https:\/\/rydultowy.zhp.pl\/index.php\/2016\/03\/16\/witaj-swiecie\/","title":{"rendered":"Festiwal Piosenki Harcerskiej &#8222;Na B\u0142\u0119kicie&#8221;"},"content":{"rendered":"<p style=\"text-align: justify;\">VII Festiwal Piosenki Harcerskiej \u201e Na B\u0142\u0119kicie\u201d jest za nami, w go\u015bcinnym Rydu\u0142towskim Centrum Kultury \u201eFeniks\u201d przy pe\u0142nej widowni zuchy ,harcerze i instruktorzy Hufca pokazali swe piosenkarsko-aktorskie umiej\u0119tno\u015bci. Mimo formy festiwalu, rywalizacji co podkre\u015bla udzia\u0142 szacownego jury w sk\u0142adzie dh, Czes\u0142awa Szymiczek- przewodnicz\u0105ca, Pani Joanna Sok\u00f3\u0142, dh .Agata Konofa\u0142, Pan \u0141ukasz Majer, dh. Janusz \u0141yso\u0144. Wszyscy uczestnicy stworzyli wspania\u0142y spektakl muzyczny, kt\u00f3ry mia\u0142 dwie ods\u0142ony &#8211; pierwsza to piosenka harcersko-turystyczna i druga piosenki z lat 70 i 80. przy czym wspaniale, wsp\u00f3lnie z widzami , si\u0119 bawili, a widownia by\u0142a radosna i spontaniczna, a jednocze\u015bnie stanowi\u0142a swoiste jury, kt\u00f3re wybra\u0142o swego faworyta , kt\u00f3ry otrzyma\u0142 s\u0142odka nagrod\u0119 wspania\u0142y tort, a kto ? 11 WDH z dru\u017cynowym Micha\u0142em Po\u015bpiechem! Jak zwykle uczestniczyli w tej \u015bpiewaj\u0105cej imprezie Pani Burmistrz Kornelia Newy, Pani Wiceprzewodnicz\u0105ca Rady Miasta Barbara Wojciechowska, Pani Janina Chlebik-Turek &#8211; radna powiatowa, dyrektor RCK \u201dFeniks\u201d oraz radni naszego miasta. To dzi\u0119ki ich przychylno\u015bci ta impreza mog\u0142a odby\u0107 si\u0119 w tak okaza\u0142y spos\u00f3b za co serdeczne podzi\u0119kowania oraz harcerskie &#8211; Czuwaj!<\/p>\n<p style=\"text-align: justify;\">I w tym miejscu nie b\u0119d\u0119 relacjonowa\u0142 przebiegu Festiwalu, bo kto by\u0142 ten si\u0119 bawi\u0142 wspaniale, a kto nie by\u0142, niech \u017ca\u0142uje! Podziel\u0119 si\u0119 swymi refleksjami , kt\u00f3re przede wszystkim wyp\u0142ywaj\u0105 z mojej dotychczasowej d\u0142ugoletniej s\u0142u\u017cby instruktorskiej, szczeg\u00f3lnie we wdra\u017caniu metodyki harcerskiej. Festiwal piosenki harcerskiej jako zadanie pokaza\u0142o , \u017ce praca metodyczna nie posz\u0142a na marne 3xS czyli Samodecydowanie, Samorealizacja, Samoocena wype\u0142ni\u0142y si\u0119 w 100%. To m\u0142odzi ludzie (dzieci i m\u0142odzie\u017c) sama przygotowa\u0142a, opracowa\u0142a przeprowadzi\u0142a festiwal, zuchy , harcerze bez pomocy specjalist\u00f3w ,ludzi doros\u0142ych dobrali repertuar, opracowali aran\u017cacj\u0119, choreografi\u0119 ,prowadzili pr\u00f3by ucz\u0105c si\u0119 wzajemnie, a przy tym zdobywali sprawno\u015bci ( piosenkarz, aktor, muzyk, plastyk i inne) . My\u015bl\u0119 , wr\u0119cz jestem pewien , \u017ce nie jeden m\u0142ody cz\u0142owiek poprzez takie dzia\u0142anie odkrywa swe zainteresowanie, hobby czy wr\u0119cz sw\u00f3j cel w \u017cyciu. I nie b\u0119d\u0119 zasmucony , gdy m\u0142ody cz\u0142owiek p\u00f3jdzie szuka\u0107 dalszej drogi rozwoju poznanego zainteresowania do specjalistycznego klubu, szko\u0142y profesjonalist\u00f3w i opu\u015bci z braku czasu dru\u017cyn\u0119 .B\u0119d\u0119 si\u0119 z tego cieszy\u0142, \u017ce harcerstwo nasz hufiec rozwin\u0105\u0142 , pokaza\u0142 drog\u0119 , cel i w\u0142a\u015bnie oto chodzi w harcerskiej metodyce wychowawczej .Praca w dru\u017cynie pozwala\u0107 m\u0142odym ludziom pope\u0142nia\u0107 b\u0142\u0119dy , pomaga im wyci\u0105ga\u0107 wnioski z tych b\u0142\u0119d\u00f3w, i a na ich skutkach uczy\u0107 si\u0119 \u017cycia, przezwyci\u0119\u017ca\u0107 swe s\u0142abo\u015bci, kompleksy. Dowodem na to s\u0105 pokolenia harcerskie . W 100-letniej historii ZHP na ka\u017cdym kroku spotykamy harcerzy, tych by\u0142ych dla kt\u00f3rych serce jest zawsze przepe\u0142nione harcerskimi idea\u0142ami , kt\u00f3rzy s\u0105 wspania\u0142ymi rodzicami, lekarzami, nauczycielami, duchownymi, prezesami, murarzami, \u017co\u0142nierzami, dobrymi lud\u017ami. Wiem co m\u00f3wi\u0119, bo par\u0119 os\u00f3b przewin\u0119\u0142o si\u0119 przez moje dru\u017cyny, obozy , gdzie po latach mam nieskrywan\u0105 satysfakcj\u0119 , gdy patrz\u0119 na ich \u017cycie i realizowane kariery ,, widz\u0119 w tym kawa\u0142ek siebie, odczuwam ich sympati\u0119 przy ka\u017cdym kontakcie czy to prywatnym czy zawodowym. I my\u015bl\u0119 ,\u017ce tak pozostanie , bo ro\u015bnie nowe pokolenie harcerskich instruktor\u00f3w.<\/p>\n<p style=\"text-align: justify;\">Za bardzo si\u0119 rozrzewni\u0142em! Czas na wyniki Festiwalu i tu na pierwszym miejscu musz\u0105 by\u0107 najm\u0142odsi -zuchy, kt\u00f3re tak niecierpliwie czeka\u0142y na werdykt jury , a potem ich rado\u015b\u0107 by\u0142a tak du\u017ca, jakby zdoby\u0142y z\u0142oty medal olimpijski , a by\u0142y to Zuchy z 21 Gromady \u201eWeso\u0142e Gadu\u0142y\u201d \u2013 brawo zuchy!!!!<\/p>\n<p style=\"text-align: justify;\">W kategorii &#8211; soli\u015bci &#8211; jury przyzna\u0142o 3 r\u00f3wnorz\u0119dne I miejsca:<\/p>\n<p style=\"text-align: justify;\"><strong>Wiktoria Lach<\/strong> &#8211; zuszka<br \/>\n<strong>Karolina Kuczera<\/strong> &#8211; harcerka<br \/>\n<strong> Henryk Anel Lepiarczyk<\/strong> \u2013 instruktor<\/p>\n<p style=\"text-align: justify;\">Piosenka Harcersko-Turystyczna<\/p>\n<p style=\"text-align: justify;\"><strong>I miejsce<\/strong> 102 ADH \u201eTa\u0144cz\u0105ce Rekiny\u201d<br \/>\n<strong>II miejsce<\/strong> 11 WDH<br \/>\n<strong>III miejsce<\/strong> 1WDH \u201eKropelki Szcz\u0119\u015bcia\u201d<\/p>\n<p>Piosenka tematyczna lata 70-80<\/p>\n<p><strong>I miejsce<\/strong> 102 ADH \u201eTa\u0144cz\u0105ce Rekiny\u201d<br \/>\n<strong>II miejsce<\/strong> 29 WDH \u201ePromyki Szcz\u0119\u015bcia\u201d<br \/>\n<strong>III miejsce<\/strong> 1WDH \u201eKropelki Szcz\u0119\u015bcia\u201d<\/p>\n<p>Nagroda specjalna oraz nagroda publiczno\u015bci za oddanie atmosfery tamtych lat i ponadprzeci\u0119tny wyraz artystyczny, za wywo\u0142anie wzrusze\u0144 publiczno\u015bci oraz jury, szczeg\u00f3lnie przewodnicz\u0105cej dh. Czes\u0142awy Szymiczek , pow\u0119drowa\u0142a do 11 WDH.<br \/>\nSerdeczne podzi\u0119kowania dla 102 ADH oraz dh Agaty Sternak i Juli Komarek za koordynacj\u0119 , organizacj\u0119 i prowadzenie festiwalu, na scenie czujecie si\u0119 jak ryba w wodzie, a dzi\u0119ki Waszym instrumentom ( skrzypce i ob\u00f3j) dodali\u015bcie kolorytu oprawie muzycznej, jestem wyrazicielem wielu os\u00f3b, kt\u00f3re s\u0105 pod wra\u017ceniem Waszego rozwoju artystycznego. Tak Trzyma\u0107!<\/p>\n<p>Dzi\u0119kuj\u0119 wszystkim za wspania\u0142\u0105 atmosfer\u0119 i zapraszam za rok na VIII Festiwal Piosenki Harcerskiej \u201eNa B\u0142\u0119kicie\u201d Hufca ZHP\u201d B\u0142\u0119kitne Niebo\u201d w Rydu\u0142towach.<\/p>\n<p><strong>hm. Henryk Komarek<\/strong><br \/>\n<strong>z-ca komendantki hufca ds. programowych<\/strong><\/p>\n","protected":false},"excerpt":{"rendered":"<p>VII Festiwal Piosenki Harcerskiej \u201e Na B\u0142\u0119kicie\u201d jest za nami, w go\u015bcinnym Rydu\u0142towskim Centrum Kultury \u201eFeniks\u201d przy pe\u0142nej widowni zuchy<\/p>\n","protected":false},"author":14,"featured_media":117,"comment_status":"open","ping_status":"open","sticky":false,"template":"","format":"standard","meta":{"footnotes":""},"categories":[1],"tags":[],"class_list":["post-1","post","type-post","status-publish","format-standard","has-post-thumbnail","hentry","category-bez-kategorii"],"_links":{"self":[{"href":"https:\/\/rydultowy.zhp.pl\/index.php\/wp-json\/wp\/v2\/posts\/1","targetHints":{"allow":["GET"]}}],"collection":[{"href":"https:\/\/rydultowy.zhp.pl\/index.php\/wp-json\/wp\/v2\/posts"}],"about":[{"href":"https:\/\/rydultowy.zhp.pl\/index.php\/wp-json\/wp\/v2\/types\/post"}],"author":[{"embeddable":true,"href":"https:\/\/rydultowy.zhp.pl\/index.php\/wp-json\/wp\/v2\/users\/14"}],"replies":[{"embeddable":true,"href":"https:\/\/rydultowy.zhp.pl\/index.php\/wp-json\/wp\/v2\/comments?post=1"}],"version-history":[{"count":2,"href":"https:\/\/rydultowy.zhp.pl\/index.php\/wp-json\/wp\/v2\/posts\/1\/revisions"}],"predecessor-version":[{"id":118,"href":"https:\/\/rydultowy.zhp.pl\/index.php\/wp-json\/wp\/v2\/posts\/1\/revisions\/118"}],"wp:featuredmedia":[{"embeddable":true,"href":"https:\/\/rydultowy.zhp.pl\/index.php\/wp-json\/wp\/v2\/media\/117"}],"wp:attachment":[{"href":"https:\/\/rydultowy.zhp.pl\/index.php\/wp-json\/wp\/v2\/media?parent=1"}],"wp:term":[{"taxonomy":"category","embeddable":true,"href":"https:\/\/rydultowy.zhp.pl\/index.php\/wp-json\/wp\/v2\/categories?post=1"},{"taxonomy":"post_tag","embeddable":true,"href":"https:\/\/rydultowy.zhp.pl\/index.php\/wp-json\/wp\/v2\/tags?post=1"}],"curies":[{"name":"wp","href":"https:\/\/api.w.org\/{rel}","templated":true}]}}